{"id":582,"date":"2021-04-09T13:17:16","date_gmt":"2021-04-09T16:17:16","guid":{"rendered":"http:\/\/www.clinicabioser.com.br\/online\/?p=582"},"modified":"2021-09-19T12:46:43","modified_gmt":"2021-09-19T15:46:43","slug":"a-asfixia-luto","status":"publish","type":"post","link":"https:\/\/www.clinicabioser.com.br\/online\/a-asfixia-luto\/","title":{"rendered":"A Asfixia pelo Luto"},"content":{"rendered":"\n<p style=\"font-size:12px\">Por Luciana Matos<\/p>\n\n\n\n<p>N\u00e3o bastasse o estresse pelas altera\u00e7\u00f5es rotineiras, ainda somos convidados, sem possibilidade de recusa, a experienciar algo que sempre nos causou grande impacto e repulsa: \u201cO Luto\u201d.<\/p>\n\n\n\n<p>Vejam:<br>I. A Realidade<\/p>\n\n\n\n<p>Mortes por COVID 19; mortes por desigualdade social; mortes por preconceito; mortes por abuso de poder\u2026 Perdas reais e simb\u00f3licas, dor individual e coletiva.<br>Quantas proje\u00e7\u00f5es e identifica\u00e7\u00f5es vivenciadas a cada fato e hist\u00f3ria compartilhada, quanta dor e indigna\u00e7\u00e3o fomentadas dentro de n\u00f3s.<\/p>\n\n\n\n<p><br>II. O Luto<\/p>\n\n\n\n<p>O luto faz parte do ciclo da vida: ganhar e perder. Por\u00e9m, \u00e9 o acontecimento vital mais s\u00e9rio e intenso que podemos experimentar.<br>A perda por morte \u00e9 considerada a maior e \u00faltima perda de todas. Maior, porque sobrep\u00f5e todas as outras perdas vivenciadas em nossas rotinas (projetos de vida n\u00e3o concretizados, rompimentos, objetos e oportunidades perdidas\u2026), e \u00faltima porque n\u00e3o \u00e9 poss\u00edvel reaver ou substituir a pessoa perdida.<br>O processo de luto \u00e9 um dos desafios mais complexos para o reequil\u00edbrio ps\u00edquico. Primeiro, porque provoca choque, nega\u00e7\u00e3o da realidade, defesa, ansiedade, culpa e raiva. Segundo, porque desencadeia aspectos de desorienta\u00e7\u00e3o, medo, dor, sensa\u00e7\u00e3o de ang\u00fastia e vazio.<br>Alguns possuem melhor estrutura para enfrentamento desse impacto, passam pelos processos do luto, aprendem a assimilar a perda, se reintegram, se organizam e aceitam a viver novamente, mas outros necessitam de um tempo maior ou ajuda externa para avan\u00e7ar nas fases e se reintegrar.<\/p>\n\n\n\n<p><br>III. A Asfixia<\/p>\n\n\n\n<p>Independente do n\u00edvel de capacidade de resili\u00eancia de cada um, a luta tem sido intensa. Experimentar a morte do outro sempre nos coloca a frente da nossa pr\u00f3pria mortalidade e da certeza da nossa finitude, e inevitavelmente nos promove um momento de solid\u00e3o, reflex\u00e3o e inseguran\u00e7a, e hoje, devido as circunst\u00e2ncias, estamos vivenciando tudo isso freneticamente, sem pausa suficiente para o processo de restaura\u00e7\u00e3o e retomada da sensa\u00e7\u00e3o de seguran\u00e7a.<br>Mas, apesar de bater em nossas portas uma sequ\u00eancia de not\u00edcias avassaladoras, e muitas vezes n\u00e3o termos autonomia para bloqueio, podemos e devemos minimamente amenizar esta realidade selecionando os canais nos quais queremos interagir aqui, fazendo prevalecer a pr\u00e1tica da autocompaix\u00e3o para nossa blindagem ou, pelo menos, uma estrat\u00e9gia de respiro para as pr\u00f3ximas lutas, afinal, somos humanos.<\/p>\n","protected":false},"excerpt":{"rendered":"<p>Por Luciana Matos N\u00e3o bastasse o estresse pelas altera\u00e7\u00f5es rotineiras, ainda somos convidados, sem possibilidade de recusa, a experienciar algo que sempre nos causou grande impacto e repulsa: \u201cO Luto\u201d. Vejam:I. A Realidade Mortes por COVID 19; mortes por desigualdade social; mortes por preconceito; mortes por abuso de poder\u2026 Perdas reais e simb\u00f3licas, dor individual [&hellip;]<\/p>\n","protected":false},"author":1,"featured_media":1133,"comment_status":"closed","ping_status":"open","sticky":false,"template":"","format":"standard","meta":{"footnotes":""},"categories":[1],"tags":[],"class_list":["post-582","post","type-post","status-publish","format-standard","has-post-thumbnail","hentry","category-sem-categoria"],"_links":{"self":[{"href":"https:\/\/www.clinicabioser.com.br\/online\/wp-json\/wp\/v2\/posts\/582","targetHints":{"allow":["GET"]}}],"collection":[{"href":"https:\/\/www.clinicabioser.com.br\/online\/wp-json\/wp\/v2\/posts"}],"about":[{"href":"https:\/\/www.clinicabioser.com.br\/online\/wp-json\/wp\/v2\/types\/post"}],"author":[{"embeddable":true,"href":"https:\/\/www.clinicabioser.com.br\/online\/wp-json\/wp\/v2\/users\/1"}],"replies":[{"embeddable":true,"href":"https:\/\/www.clinicabioser.com.br\/online\/wp-json\/wp\/v2\/comments?post=582"}],"version-history":[{"count":2,"href":"https:\/\/www.clinicabioser.com.br\/online\/wp-json\/wp\/v2\/posts\/582\/revisions"}],"predecessor-version":[{"id":607,"href":"https:\/\/www.clinicabioser.com.br\/online\/wp-json\/wp\/v2\/posts\/582\/revisions\/607"}],"wp:featuredmedia":[{"embeddable":true,"href":"https:\/\/www.clinicabioser.com.br\/online\/wp-json\/wp\/v2\/media\/1133"}],"wp:attachment":[{"href":"https:\/\/www.clinicabioser.com.br\/online\/wp-json\/wp\/v2\/media?parent=582"}],"wp:term":[{"taxonomy":"category","embeddable":true,"href":"https:\/\/www.clinicabioser.com.br\/online\/wp-json\/wp\/v2\/categories?post=582"},{"taxonomy":"post_tag","embeddable":true,"href":"https:\/\/www.clinicabioser.com.br\/online\/wp-json\/wp\/v2\/tags?post=582"}],"curies":[{"name":"wp","href":"https:\/\/api.w.org\/{rel}","templated":true}]}}