{"id":580,"date":"2021-04-09T13:15:58","date_gmt":"2021-04-09T16:15:58","guid":{"rendered":"http:\/\/www.clinicabioser.com.br\/online\/?p=580"},"modified":"2021-09-19T12:53:41","modified_gmt":"2021-09-19T15:53:41","slug":"voce-sabe-quem-eu-sou","status":"publish","type":"post","link":"https:\/\/www.clinicabioser.com.br\/online\/voce-sabe-quem-eu-sou\/","title":{"rendered":"Voc\u00ea Sabe Quem Eu Sou?"},"content":{"rendered":"\n<p style=\"font-size:12px\">Por Luciana Matos<\/p>\n\n\n\n<p>Ora me sinto triste ora me pego com medo.<\/p>\n\n\n\n<p>Hoje sou considerado grupo de risco de uma doen\u00e7a que desconhe\u00e7o, e muitas vezes estigmatizado, visto como aquele que a qualquer momento possa ser infectado e ter o quadro agravado. Perdi meus cuidados di\u00e1rios, as visitas presenciais e os afagos f\u00edsicos que me revigoravam.<br>Pela minha idade e experi\u00eancia de vida, nunca pensei que passaria por isso, mas eis que estou aqui, precisando da certeza de que n\u00e3o serei abandonado, apostando nas liga\u00e7\u00f5es frequentes e na certeza de que se algo acontecer, j\u00e1 existe um plano de a\u00e7\u00e3o que possa me auxiliar, nem que para isso, os vizinhos sejam acionados.<\/p>\n\n\n\n<p>Al\u00e9m de tudo, j\u00e1 que minha rotina mudou e os meus afazeres foram limitados, pe\u00e7o que me ajudem a praticar e participar de novas tarefas, como por exemplo, artesanato, jardinagem, participar das conversas e decis\u00f5es, e assim tornar meu dia mais preenchido.<br>Claro, tudo isso \u00e1 dist\u00e2ncia, cada um em sua casa.<br>Sei das suas afli\u00e7\u00f5es e entendo a necessidade de se preocupar com a situa\u00e7\u00e3o, mas minimizar essa imagem de sobrecarga ir\u00e1 me fazer sentir melhor e ativo a essas circunst\u00e2ncias.<\/p>\n\n\n\n<p>E a\u00ed, sabe quem sou eu?<br>\u2013 Sou um idoso, com muita hist\u00f3rias para contar!<\/p>\n","protected":false},"excerpt":{"rendered":"<p>Por Luciana Matos Ora me sinto triste ora me pego com medo. Hoje sou considerado grupo de risco de uma doen\u00e7a que desconhe\u00e7o, e muitas vezes estigmatizado, visto como aquele que a qualquer momento possa ser infectado e ter o quadro agravado. Perdi meus cuidados di\u00e1rios, as visitas presenciais e os afagos f\u00edsicos que me [&hellip;]<\/p>\n","protected":false},"author":1,"featured_media":1134,"comment_status":"closed","ping_status":"open","sticky":false,"template":"","format":"standard","meta":{"footnotes":""},"categories":[1],"tags":[],"class_list":["post-580","post","type-post","status-publish","format-standard","has-post-thumbnail","hentry","category-sem-categoria"],"_links":{"self":[{"href":"https:\/\/www.clinicabioser.com.br\/online\/wp-json\/wp\/v2\/posts\/580","targetHints":{"allow":["GET"]}}],"collection":[{"href":"https:\/\/www.clinicabioser.com.br\/online\/wp-json\/wp\/v2\/posts"}],"about":[{"href":"https:\/\/www.clinicabioser.com.br\/online\/wp-json\/wp\/v2\/types\/post"}],"author":[{"embeddable":true,"href":"https:\/\/www.clinicabioser.com.br\/online\/wp-json\/wp\/v2\/users\/1"}],"replies":[{"embeddable":true,"href":"https:\/\/www.clinicabioser.com.br\/online\/wp-json\/wp\/v2\/comments?post=580"}],"version-history":[{"count":2,"href":"https:\/\/www.clinicabioser.com.br\/online\/wp-json\/wp\/v2\/posts\/580\/revisions"}],"predecessor-version":[{"id":611,"href":"https:\/\/www.clinicabioser.com.br\/online\/wp-json\/wp\/v2\/posts\/580\/revisions\/611"}],"wp:featuredmedia":[{"embeddable":true,"href":"https:\/\/www.clinicabioser.com.br\/online\/wp-json\/wp\/v2\/media\/1134"}],"wp:attachment":[{"href":"https:\/\/www.clinicabioser.com.br\/online\/wp-json\/wp\/v2\/media?parent=580"}],"wp:term":[{"taxonomy":"category","embeddable":true,"href":"https:\/\/www.clinicabioser.com.br\/online\/wp-json\/wp\/v2\/categories?post=580"},{"taxonomy":"post_tag","embeddable":true,"href":"https:\/\/www.clinicabioser.com.br\/online\/wp-json\/wp\/v2\/tags?post=580"}],"curies":[{"name":"wp","href":"https:\/\/api.w.org\/{rel}","templated":true}]}}